{"id":11139,"date":"2026-01-21T12:49:28","date_gmt":"2026-01-21T10:49:28","guid":{"rendered":"https:\/\/www.zfoam.com\/zfoam-at-paris-packaging-week-2026\/"},"modified":"2026-01-21T17:41:43","modified_gmt":"2026-01-21T15:41:43","slug":"zfoam-at-paris-packaging-week-2026","status":"publish","type":"post","link":"https:\/\/www.zfoam.com\/en\/zfoam-at-paris-packaging-week-2026\/","title":{"rendered":"ZFoam at Paris Packaging Week 2026"},"content":{"rendered":"<p><span style=\"font-weight: 400;\">Packaging should combine exclusivity and sustainability. <\/span><\/p>\n<p><span style=\"font-weight: 400;\">That is the challenge driving us, and it is why we are returning to Paris Packaging Week  <\/span><b>On 5 and 6 February<\/b>,<span style=\"font-weight: 400;\"> at Paris Expo Porte de Versailles \u2013 Pavilion 1, the four major worlds of premium packaging (PCD, PLD, ADF and Packaging Premi\u00e8re) will come together to discuss and decide the future of packaging. <\/span> <\/p>\n<p>And ZFoam will be there, at stand A92, to show how we turn trends into actual solutions.<\/p>\n<p>&nbsp;<\/p>\n<h2><span style=\"font-weight: 400;\">We have collaborated on a project nominated for the Packaging Premi\u00e8re Premium and Luxury Innovation Awards 2026<\/span><\/h2>\n<p>This edition brings news that makes us extremely happy and proud: we have collaborated on a project nominated for the Packaging Premi\u00e8re Premium and Luxury Innovation Awards 2026<span style=\"font-weight: 400;\">. Together with our client <\/span><b>Majoral,<\/b><span style=\"font-weight: 400;\"> the extraordinary design of <\/span><b>Estudio Marina Go\u00f1i <\/b><span style=\"font-weight: 400;\">and the support of <\/span><b>Stora Enso<\/b><span style=\"font-weight: 400;\">, we created a packaging system for jewellery that is as versatile as it is elegant, capable of holding rings and necklaces in the same box. <\/span> <\/p>\n<p><span style=\"font-weight: 400;\">At the heart of the solution is <\/span><b>Papira\u00ae foam<\/b><span style=\"font-weight: 400;\">, a recyclable, biodegradable cellulose material that can be moulded into an adaptable interior landscape. By reducing components, optimising logistics, and transforming unboxing into a sensory ritual, this packaging proves that our collaborations are effective.  <\/span><\/p>\n<p><span style=\"font-weight: 400;\">Ser finalistas en esta categor\u00eda premium es un premio a nuestro trabajo. Por cierto, estamos nominados en alg\u00fan trabajo m\u00e1s, pero por confidencialidad, estas otras colaboraciones no pueden ser comunicadas ;) <\/span><\/p>\n<p><img decoding=\"async\" class=\"aligncenter wp-image-11134\" src=\"https:\/\/www.zfoam.com\/wp-content\/uploads\/2026\/01\/Banner-para-Articulo-Paris-Packaging-Week-2026.jpg\" alt=\"Paris Packaging Week 2026\" width=\"900\" height=\"600\" srcset=\"https:\/\/www.zfoam.com\/wp-content\/uploads\/2026\/01\/Banner-para-Articulo-Paris-Packaging-Week-2026-200x133.jpg 200w, https:\/\/www.zfoam.com\/wp-content\/uploads\/2026\/01\/Banner-para-Articulo-Paris-Packaging-Week-2026-300x200.jpg 300w, https:\/\/www.zfoam.com\/wp-content\/uploads\/2026\/01\/Banner-para-Articulo-Paris-Packaging-Week-2026-400x267.jpg 400w, https:\/\/www.zfoam.com\/wp-content\/uploads\/2026\/01\/Banner-para-Articulo-Paris-Packaging-Week-2026-600x400.jpg 600w, https:\/\/www.zfoam.com\/wp-content\/uploads\/2026\/01\/Banner-para-Articulo-Paris-Packaging-Week-2026-768x512.jpg 768w, https:\/\/www.zfoam.com\/wp-content\/uploads\/2026\/01\/Banner-para-Articulo-Paris-Packaging-Week-2026-800x533.jpg 800w, https:\/\/www.zfoam.com\/wp-content\/uploads\/2026\/01\/Banner-para-Articulo-Paris-Packaging-Week-2026-1024x683.jpg 1024w, https:\/\/www.zfoam.com\/wp-content\/uploads\/2026\/01\/Banner-para-Articulo-Paris-Packaging-Week-2026.jpg 1200w\" sizes=\"(max-width: 900px) 100vw, 900px\" \/><\/p>\n<p>&nbsp;<\/p>\n<h2><b>The value of doing it right<\/b><\/h2>\n<p><span style=\"font-weight: 400;\">At ZFoam, we do not just manufacture foams; we create experiences that protect, excite, and communicate. Can you imagine a customised interior that envelops your product like a tailor-made suit?  <\/span><strong><a href=\"https:\/\/www.zfoam.com\/en\/eco-foams\/\">Our ECO,<\/a><\/strong> <b>BIO<\/b><span style=\"font-weight: 400;\">, <\/span>and cellulose foams<span style=\"font-weight: 400;\">, such as <\/span><b>Papira\u00ae<\/b><span style=\"font-weight: 400;\"> allow you to comply with European regulations (including PPWR) without compromising on aesthetics or experience. And if you are looking to stand out, we offer premium finishes (engraving, laminates, cache cale, digital printing) that make every unboxing memorable. <\/span><\/p>\n<p><span style=\"font-weight: 400;\">But our offering goes beyond the material. <\/span><b>We know that packaging specifications are a headache, which is why we help you document<\/b>, <b>standardise and optimise them.<\/b><span style=\"font-weight: 400;\">. We are also talking to you about <\/span><b>traceability<\/b> and<b> connected packaging<\/b><span style=\"font-weight: 400;\">: because today, packaging can tell a story, certify its authenticity, or collect useful data for your business. In short, we offer you the peace of mind of knowing that every detail is under control. <\/span><\/p>\n<p>&nbsp;<\/p>\n<h2><b>Why Paris Packaging Week<\/b><\/h2>\n<p><span style=\"font-weight: 400;\">This year, Paris Packaging Week is being billed as a showcase for latest ideas. Over two days, conferences and specific areas will address topics such as the circular economy, refill\/reuse, and digitalisation.  <\/span><\/p>\n<p><span style=\"font-weight: 400;\">There will also be an<\/span><b> Innovation Awards party<\/b><span style=\"font-weight: 400;\">, where the most surprising innovations in the sector will be presented. However, beyond the presentations, the essence of the fair is the direct contact with professionals who, like you, are looking for inspiration and solutions. <\/span><\/p>\n<p>&nbsp;<\/p>\n<h2><b>Come and meet us at stand A92<\/b><\/h2>\n<p><span style=\"font-weight: 400;\">We know that time at the fair is precious. That is why we invite you to visit our  <\/span><b>stand A92<\/b><span style=\"font-weight: 400;\"> to discuss your packaging challenges, discover our finalist projects in design awards and see for yourself the range of eco-friendly materials we will be bringing.<\/span> <\/p>\n<p><span style=\"font-weight: 400;\">We will be available on <\/span><b>5 February (09:00\u201319:30) <\/b><span style=\"font-weight: 400;\">and <\/span><b>6 February (09:00\u201317:00).<\/b><span style=\"font-weight: 400;\">. And if you prefer a quiet meeting, write to us to schedule an appointment. <\/span><\/p>\n<p><b>We would love to be part of your next project!<\/b><\/p>\n<p>&nbsp;<\/p>\n<h2><b>Close the circle with us<\/b><\/h2>\n<p><span style=\"font-weight: 400;\">At <strong><a href=\"https:\/\/www.parispackagingweek.com\/en\/\">Paris Packaging Week 2026<\/a><\/strong>, we are bringing <\/span><b>evolution and continuit<\/b><span style=\"font-weight: 400;\">: we are reinforcing our commitment to sustainability, quality, and applied innovation. We believe that trends are only valuable when they become useful solutions for your brand, which is why our foams and finishes are constantly being updated to respond to the challenges of the sector. Would you like to find out how?  <\/span><\/p>\n","protected":false},"excerpt":{"rendered":"<p>Packaging should combine exclusivity and sustainability. That is the challenge driving us, and it is why we are returning to Paris Packaging Week On 5 and 6 February, at Paris Expo Porte de Versailles \u2013 Pavilion 1, the four major [&hellip;]<\/p>\n","protected":false},"author":3,"featured_media":11135,"comment_status":"open","ping_status":"open","sticky":false,"template":"","format":"standard","meta":{"footnotes":""},"categories":[101],"tags":[],"class_list":["post-11139","post","type-post","status-publish","format-standard","has-post-thumbnail","hentry","category-zfoam-en"],"yoast_head":"<!-- This site is optimized with the Yoast SEO plugin v27.2 - https:\/\/yoast.com\/product\/yoast-seo-wordpress\/ -->\n<title>ZFoam at Paris Packaging Week 2026 - ZFoam<\/title>\n<meta name=\"description\" content=\"We have a project nominated for the Packaging Premi\u00e8re Premium and Luxury Innovation Awards 2026, together with our client Majoral.\" \/>\n<meta name=\"robots\" content=\"index, follow, max-snippet:-1, max-image-preview:large, max-video-preview:-1\" \/>\n<link rel=\"canonical\" href=\"https:\/\/www.zfoam.com\/en\/zfoam-at-paris-packaging-week-2026\/\" \/>\n<meta property=\"og:locale\" content=\"en_US\" \/>\n<meta property=\"og:type\" content=\"article\" \/>\n<meta property=\"og:title\" content=\"ZFoam at Paris Packaging Week 2026 - ZFoam\" \/>\n<meta property=\"og:description\" content=\"We have a project nominated for the Packaging Premi\u00e8re Premium and Luxury Innovation Awards 2026, together with our client Majoral.\" \/>\n<meta property=\"og:url\" content=\"https:\/\/www.zfoam.com\/en\/zfoam-at-paris-packaging-week-2026\/\" \/>\n<meta property=\"og:site_name\" content=\"ZFoam\" \/>\n<meta property=\"article:published_time\" content=\"2026-01-21T10:49:28+00:00\" \/>\n<meta property=\"article:modified_time\" content=\"2026-01-21T15:41:43+00:00\" \/>\n<meta property=\"og:image\" content=\"https:\/\/www.zfoam.com\/wp-content\/uploads\/2026\/01\/Banner-para-Articulo-Paris-Packaging-Week-2026.jpg\" \/>\n\t<meta property=\"og:image:width\" content=\"1200\" \/>\n\t<meta property=\"og:image:height\" content=\"800\" \/>\n\t<meta property=\"og:image:type\" content=\"image\/jpeg\" \/>\n<meta name=\"author\" content=\"Chema SdSEO\" \/>\n<meta name=\"twitter:card\" content=\"summary_large_image\" \/>\n<meta name=\"twitter:label1\" content=\"Written by\" \/>\n\t<meta name=\"twitter:data1\" content=\"Chema SdSEO\" \/>\n\t<meta name=\"twitter:label2\" content=\"Est. reading time\" \/>\n\t<meta name=\"twitter:data2\" content=\"3 minutes\" \/>\n<script type=\"application\/ld+json\" class=\"yoast-schema-graph\">{\"@context\":\"https:\/\/schema.org\",\"@graph\":[{\"@type\":\"Article\",\"@id\":\"https:\/\/www.zfoam.com\/en\/zfoam-at-paris-packaging-week-2026\/#article\",\"isPartOf\":{\"@id\":\"https:\/\/www.zfoam.com\/en\/zfoam-at-paris-packaging-week-2026\/\"},\"author\":{\"name\":\"Chema SdSEO\",\"@id\":\"https:\/\/www.zfoam.com\/#\/schema\/person\/83a834df7a884056f853b85a3f5652cc\"},\"headline\":\"ZFoam at Paris Packaging Week 2026\",\"datePublished\":\"2026-01-21T10:49:28+00:00\",\"dateModified\":\"2026-01-21T15:41:43+00:00\",\"mainEntityOfPage\":{\"@id\":\"https:\/\/www.zfoam.com\/en\/zfoam-at-paris-packaging-week-2026\/\"},\"wordCount\":635,\"commentCount\":0,\"publisher\":{\"@id\":\"https:\/\/www.zfoam.com\/#organization\"},\"image\":{\"@id\":\"https:\/\/www.zfoam.com\/en\/zfoam-at-paris-packaging-week-2026\/#primaryimage\"},\"thumbnailUrl\":\"https:\/\/www.zfoam.com\/wp-content\/uploads\/2026\/01\/Banner-para-Articulo-Paris-Packaging-Week-2026.jpg\",\"articleSection\":[\"ZFoam\"],\"inLanguage\":\"en-US\",\"potentialAction\":[{\"@type\":\"CommentAction\",\"name\":\"Comment\",\"target\":[\"https:\/\/www.zfoam.com\/en\/zfoam-at-paris-packaging-week-2026\/#respond\"]}]},{\"@type\":\"WebPage\",\"@id\":\"https:\/\/www.zfoam.com\/en\/zfoam-at-paris-packaging-week-2026\/\",\"url\":\"https:\/\/www.zfoam.com\/en\/zfoam-at-paris-packaging-week-2026\/\",\"name\":\"ZFoam at Paris Packaging Week 2026 - ZFoam\",\"isPartOf\":{\"@id\":\"https:\/\/www.zfoam.com\/#website\"},\"primaryImageOfPage\":{\"@id\":\"https:\/\/www.zfoam.com\/en\/zfoam-at-paris-packaging-week-2026\/#primaryimage\"},\"image\":{\"@id\":\"https:\/\/www.zfoam.com\/en\/zfoam-at-paris-packaging-week-2026\/#primaryimage\"},\"thumbnailUrl\":\"https:\/\/www.zfoam.com\/wp-content\/uploads\/2026\/01\/Banner-para-Articulo-Paris-Packaging-Week-2026.jpg\",\"datePublished\":\"2026-01-21T10:49:28+00:00\",\"dateModified\":\"2026-01-21T15:41:43+00:00\",\"description\":\"We have a project nominated for the Packaging Premi\u00e8re Premium and Luxury Innovation Awards 2026, together with our client Majoral.\",\"breadcrumb\":{\"@id\":\"https:\/\/www.zfoam.com\/en\/zfoam-at-paris-packaging-week-2026\/#breadcrumb\"},\"inLanguage\":\"en-US\",\"potentialAction\":[{\"@type\":\"ReadAction\",\"target\":[\"https:\/\/www.zfoam.com\/en\/zfoam-at-paris-packaging-week-2026\/\"]}]},{\"@type\":\"ImageObject\",\"inLanguage\":\"en-US\",\"@id\":\"https:\/\/www.zfoam.com\/en\/zfoam-at-paris-packaging-week-2026\/#primaryimage\",\"url\":\"https:\/\/www.zfoam.com\/wp-content\/uploads\/2026\/01\/Banner-para-Articulo-Paris-Packaging-Week-2026.jpg\",\"contentUrl\":\"https:\/\/www.zfoam.com\/wp-content\/uploads\/2026\/01\/Banner-para-Articulo-Paris-Packaging-Week-2026.jpg\",\"width\":1200,\"height\":800,\"caption\":\"Paris Packaging Week 2026\"},{\"@type\":\"BreadcrumbList\",\"@id\":\"https:\/\/www.zfoam.com\/en\/zfoam-at-paris-packaging-week-2026\/#breadcrumb\",\"itemListElement\":[{\"@type\":\"ListItem\",\"position\":1,\"name\":\"Portada\",\"item\":\"https:\/\/www.zfoam.com\/en\/\"},{\"@type\":\"ListItem\",\"position\":2,\"name\":\"ZFoam at Paris Packaging Week 2026\"}]},{\"@type\":\"WebSite\",\"@id\":\"https:\/\/www.zfoam.com\/#website\",\"url\":\"https:\/\/www.zfoam.com\/\",\"name\":\"ZFoam\",\"description\":\"Fabricante de espumas\",\"publisher\":{\"@id\":\"https:\/\/www.zfoam.com\/#organization\"},\"potentialAction\":[{\"@type\":\"SearchAction\",\"target\":{\"@type\":\"EntryPoint\",\"urlTemplate\":\"https:\/\/www.zfoam.com\/?s={search_term_string}\"},\"query-input\":{\"@type\":\"PropertyValueSpecification\",\"valueRequired\":true,\"valueName\":\"search_term_string\"}}],\"inLanguage\":\"en-US\"},{\"@type\":\"Organization\",\"@id\":\"https:\/\/www.zfoam.com\/#organization\",\"name\":\"ZFoam\",\"url\":\"https:\/\/www.zfoam.com\/\",\"logo\":{\"@type\":\"ImageObject\",\"inLanguage\":\"en-US\",\"@id\":\"https:\/\/www.zfoam.com\/#\/schema\/logo\/image\/\",\"url\":\"https:\/\/www.zfoam.com\/wp-content\/uploads\/2017\/05\/logo_zfoam_25.png\",\"contentUrl\":\"https:\/\/www.zfoam.com\/wp-content\/uploads\/2017\/05\/logo_zfoam_25.png\",\"width\":220,\"height\":51,\"caption\":\"ZFoam\"},\"image\":{\"@id\":\"https:\/\/www.zfoam.com\/#\/schema\/logo\/image\/\"}},{\"@type\":\"Person\",\"@id\":\"https:\/\/www.zfoam.com\/#\/schema\/person\/83a834df7a884056f853b85a3f5652cc\",\"name\":\"Chema SdSEO\",\"image\":{\"@type\":\"ImageObject\",\"inLanguage\":\"en-US\",\"@id\":\"https:\/\/secure.gravatar.com\/avatar\/0d1b5f2304c96b59ec33eb97f90d8ec56802c5d68ffea79a1139a51da4e77081?s=96&d=mm&r=g\",\"url\":\"https:\/\/secure.gravatar.com\/avatar\/0d1b5f2304c96b59ec33eb97f90d8ec56802c5d68ffea79a1139a51da4e77081?s=96&d=mm&r=g\",\"contentUrl\":\"https:\/\/secure.gravatar.com\/avatar\/0d1b5f2304c96b59ec33eb97f90d8ec56802c5d68ffea79a1139a51da4e77081?s=96&d=mm&r=g\",\"caption\":\"Chema SdSEO\"}}]}<\/script>\n<!-- \/ Yoast SEO plugin. -->","yoast_head_json":{"title":"ZFoam at Paris Packaging Week 2026 - ZFoam","description":"We have a project nominated for the Packaging Premi\u00e8re Premium and Luxury Innovation Awards 2026, together with our client Majoral.","robots":{"index":"index","follow":"follow","max-snippet":"max-snippet:-1","max-image-preview":"max-image-preview:large","max-video-preview":"max-video-preview:-1"},"canonical":"https:\/\/www.zfoam.com\/en\/zfoam-at-paris-packaging-week-2026\/","og_locale":"en_US","og_type":"article","og_title":"ZFoam at Paris Packaging Week 2026 - ZFoam","og_description":"We have a project nominated for the Packaging Premi\u00e8re Premium and Luxury Innovation Awards 2026, together with our client Majoral.","og_url":"https:\/\/www.zfoam.com\/en\/zfoam-at-paris-packaging-week-2026\/","og_site_name":"ZFoam","article_published_time":"2026-01-21T10:49:28+00:00","article_modified_time":"2026-01-21T15:41:43+00:00","og_image":[{"width":1200,"height":800,"url":"https:\/\/www.zfoam.com\/wp-content\/uploads\/2026\/01\/Banner-para-Articulo-Paris-Packaging-Week-2026.jpg","type":"image\/jpeg"}],"author":"Chema SdSEO","twitter_card":"summary_large_image","twitter_misc":{"Written by":"Chema SdSEO","Est. reading time":"3 minutes"},"schema":{"@context":"https:\/\/schema.org","@graph":[{"@type":"Article","@id":"https:\/\/www.zfoam.com\/en\/zfoam-at-paris-packaging-week-2026\/#article","isPartOf":{"@id":"https:\/\/www.zfoam.com\/en\/zfoam-at-paris-packaging-week-2026\/"},"author":{"name":"Chema SdSEO","@id":"https:\/\/www.zfoam.com\/#\/schema\/person\/83a834df7a884056f853b85a3f5652cc"},"headline":"ZFoam at Paris Packaging Week 2026","datePublished":"2026-01-21T10:49:28+00:00","dateModified":"2026-01-21T15:41:43+00:00","mainEntityOfPage":{"@id":"https:\/\/www.zfoam.com\/en\/zfoam-at-paris-packaging-week-2026\/"},"wordCount":635,"commentCount":0,"publisher":{"@id":"https:\/\/www.zfoam.com\/#organization"},"image":{"@id":"https:\/\/www.zfoam.com\/en\/zfoam-at-paris-packaging-week-2026\/#primaryimage"},"thumbnailUrl":"https:\/\/www.zfoam.com\/wp-content\/uploads\/2026\/01\/Banner-para-Articulo-Paris-Packaging-Week-2026.jpg","articleSection":["ZFoam"],"inLanguage":"en-US","potentialAction":[{"@type":"CommentAction","name":"Comment","target":["https:\/\/www.zfoam.com\/en\/zfoam-at-paris-packaging-week-2026\/#respond"]}]},{"@type":"WebPage","@id":"https:\/\/www.zfoam.com\/en\/zfoam-at-paris-packaging-week-2026\/","url":"https:\/\/www.zfoam.com\/en\/zfoam-at-paris-packaging-week-2026\/","name":"ZFoam at Paris Packaging Week 2026 - ZFoam","isPartOf":{"@id":"https:\/\/www.zfoam.com\/#website"},"primaryImageOfPage":{"@id":"https:\/\/www.zfoam.com\/en\/zfoam-at-paris-packaging-week-2026\/#primaryimage"},"image":{"@id":"https:\/\/www.zfoam.com\/en\/zfoam-at-paris-packaging-week-2026\/#primaryimage"},"thumbnailUrl":"https:\/\/www.zfoam.com\/wp-content\/uploads\/2026\/01\/Banner-para-Articulo-Paris-Packaging-Week-2026.jpg","datePublished":"2026-01-21T10:49:28+00:00","dateModified":"2026-01-21T15:41:43+00:00","description":"We have a project nominated for the Packaging Premi\u00e8re Premium and Luxury Innovation Awards 2026, together with our client Majoral.","breadcrumb":{"@id":"https:\/\/www.zfoam.com\/en\/zfoam-at-paris-packaging-week-2026\/#breadcrumb"},"inLanguage":"en-US","potentialAction":[{"@type":"ReadAction","target":["https:\/\/www.zfoam.com\/en\/zfoam-at-paris-packaging-week-2026\/"]}]},{"@type":"ImageObject","inLanguage":"en-US","@id":"https:\/\/www.zfoam.com\/en\/zfoam-at-paris-packaging-week-2026\/#primaryimage","url":"https:\/\/www.zfoam.com\/wp-content\/uploads\/2026\/01\/Banner-para-Articulo-Paris-Packaging-Week-2026.jpg","contentUrl":"https:\/\/www.zfoam.com\/wp-content\/uploads\/2026\/01\/Banner-para-Articulo-Paris-Packaging-Week-2026.jpg","width":1200,"height":800,"caption":"Paris Packaging Week 2026"},{"@type":"BreadcrumbList","@id":"https:\/\/www.zfoam.com\/en\/zfoam-at-paris-packaging-week-2026\/#breadcrumb","itemListElement":[{"@type":"ListItem","position":1,"name":"Portada","item":"https:\/\/www.zfoam.com\/en\/"},{"@type":"ListItem","position":2,"name":"ZFoam at Paris Packaging Week 2026"}]},{"@type":"WebSite","@id":"https:\/\/www.zfoam.com\/#website","url":"https:\/\/www.zfoam.com\/","name":"ZFoam","description":"Fabricante de espumas","publisher":{"@id":"https:\/\/www.zfoam.com\/#organization"},"potentialAction":[{"@type":"SearchAction","target":{"@type":"EntryPoint","urlTemplate":"https:\/\/www.zfoam.com\/?s={search_term_string}"},"query-input":{"@type":"PropertyValueSpecification","valueRequired":true,"valueName":"search_term_string"}}],"inLanguage":"en-US"},{"@type":"Organization","@id":"https:\/\/www.zfoam.com\/#organization","name":"ZFoam","url":"https:\/\/www.zfoam.com\/","logo":{"@type":"ImageObject","inLanguage":"en-US","@id":"https:\/\/www.zfoam.com\/#\/schema\/logo\/image\/","url":"https:\/\/www.zfoam.com\/wp-content\/uploads\/2017\/05\/logo_zfoam_25.png","contentUrl":"https:\/\/www.zfoam.com\/wp-content\/uploads\/2017\/05\/logo_zfoam_25.png","width":220,"height":51,"caption":"ZFoam"},"image":{"@id":"https:\/\/www.zfoam.com\/#\/schema\/logo\/image\/"}},{"@type":"Person","@id":"https:\/\/www.zfoam.com\/#\/schema\/person\/83a834df7a884056f853b85a3f5652cc","name":"Chema SdSEO","image":{"@type":"ImageObject","inLanguage":"en-US","@id":"https:\/\/secure.gravatar.com\/avatar\/0d1b5f2304c96b59ec33eb97f90d8ec56802c5d68ffea79a1139a51da4e77081?s=96&d=mm&r=g","url":"https:\/\/secure.gravatar.com\/avatar\/0d1b5f2304c96b59ec33eb97f90d8ec56802c5d68ffea79a1139a51da4e77081?s=96&d=mm&r=g","contentUrl":"https:\/\/secure.gravatar.com\/avatar\/0d1b5f2304c96b59ec33eb97f90d8ec56802c5d68ffea79a1139a51da4e77081?s=96&d=mm&r=g","caption":"Chema SdSEO"}}]}},"_links":{"self":[{"href":"https:\/\/www.zfoam.com\/en\/wp-json\/wp\/v2\/posts\/11139","targetHints":{"allow":["GET"]}}],"collection":[{"href":"https:\/\/www.zfoam.com\/en\/wp-json\/wp\/v2\/posts"}],"about":[{"href":"https:\/\/www.zfoam.com\/en\/wp-json\/wp\/v2\/types\/post"}],"author":[{"embeddable":true,"href":"https:\/\/www.zfoam.com\/en\/wp-json\/wp\/v2\/users\/3"}],"replies":[{"embeddable":true,"href":"https:\/\/www.zfoam.com\/en\/wp-json\/wp\/v2\/comments?post=11139"}],"version-history":[{"count":1,"href":"https:\/\/www.zfoam.com\/en\/wp-json\/wp\/v2\/posts\/11139\/revisions"}],"predecessor-version":[{"id":11142,"href":"https:\/\/www.zfoam.com\/en\/wp-json\/wp\/v2\/posts\/11139\/revisions\/11142"}],"wp:featuredmedia":[{"embeddable":true,"href":"https:\/\/www.zfoam.com\/en\/wp-json\/wp\/v2\/media\/11135"}],"wp:attachment":[{"href":"https:\/\/www.zfoam.com\/en\/wp-json\/wp\/v2\/media?parent=11139"}],"wp:term":[{"taxonomy":"category","embeddable":true,"href":"https:\/\/www.zfoam.com\/en\/wp-json\/wp\/v2\/categories?post=11139"},{"taxonomy":"post_tag","embeddable":true,"href":"https:\/\/www.zfoam.com\/en\/wp-json\/wp\/v2\/tags?post=11139"}],"curies":[{"name":"wp","href":"https:\/\/api.w.org\/{rel}","templated":true}]}}