{"id":11140,"date":"2026-01-21T13:04:49","date_gmt":"2026-01-21T11:04:49","guid":{"rendered":"https:\/\/www.zfoam.com\/zfoam-a-la-paris-packaging-week-2026\/"},"modified":"2026-01-21T13:59:01","modified_gmt":"2026-01-21T11:59:01","slug":"zfoam-a-la-paris-packaging-week-2026","status":"publish","type":"post","link":"https:\/\/www.zfoam.com\/fr\/zfoam-a-la-paris-packaging-week-2026\/","title":{"rendered":"ZFoam \u00e0 la Paris Packaging Week 2026"},"content":{"rendered":"<p><span style=\"font-weight: 400;\">Un emballage doit allier exclusivit\u00e9 et durabilit\u00e9. <\/span><\/p>\n<p><span style=\"font-weight: 400;\">C&rsquo;est le d\u00e9fi qui nous anime, et c&rsquo;est la raison pour laquelle nous retournons \u00e0 la Paris Packaging Week. Les  <\/span><b>5 et 6 f\u00e9vrier<\/b><span style=\"font-weight: 400;\">, au Paris Expo Porte de Versailles \u2013 Pavillon 1, les quatre grands univers de l&#8217;emballage haut de gamme (PCD, PLD, ADF et Packaging Premi\u00e8re) se r\u00e9unissent pour r\u00e9fl\u00e9chir et d\u00e9cider de l&rsquo;avenir de l&#8217;emballage. <\/span> <\/p>\n<p><span style=\"font-weight: 400;\">Et ZFoam sera pr\u00e9sent, au <\/span><b>stand A92<\/b>,<span style=\"font-weight: 400;\"> pour montrer comment nous transformons les tendances en solutions concr\u00e8tes<\/span>.<\/p>\n<p>&nbsp;<\/p>\n<h2><span style=\"font-weight: 400;\">Nous avons collabor\u00e9 \u00e0 un projet nomin\u00e9 aux Packaging Premi\u00e8re Premium and Luxury Innovation Awards 2026<\/span><\/h2>\n<p><span style=\"font-weight: 400;\">Cette \u00e9dition nous apporte une nouvelle qui nous rend extr\u00eamement heureux et fiers : nous avons collabor\u00e9 \u00e0 un projet nomin\u00e9 aux <\/span><b>Packaging Premi\u00e8re Premium and Luxury Innovation Awards 2026<\/b><span style=\"font-weight: 400;\">. En collaboration avec notre client <\/span><b>Majoral,<\/b> <span style=\"font-weight: 400;\">le design extraordinaire de<\/span> <b>l&rsquo;Estudio Marina Go\u00f1i<\/b><span style=\"font-weight: 400;\"> et le soutien de <\/span><b>Stora Enso<\/b>,<span style=\"font-weight: 400;\"> nous avons cr\u00e9\u00e9 un syst\u00e8me d&#8217;emballage pour bijoux aussi polyvalent qu&rsquo;\u00e9l\u00e9gant, capable de contenir des bagues et des colliers dans un m\u00eame coffret.<\/span> <\/p>\n<p><span style=\"font-weight: 400;\">Au c\u0153ur de la solution se trouve la <\/span><b>mousse Papira\u00ae<\/b><span style=\"font-weight: 400;\">, un mat\u00e9riau cellulosique recyclable avec le papier et biod\u00e9gradable qui se transforme en un paysage int\u00e9rieur adaptable. En r\u00e9duisant les composants, en optimisant la logistique et en transformant le d\u00e9ballage en un rituel sensoriel, cet emballage d\u00e9montre que nos collaborations font la diff\u00e9rence.  <\/span><\/p>\n<p><span style=\"font-weight: 400;\">\u00catre finalistes dans cette cat\u00e9gorie premium est une r\u00e9compense pour notre travail. Nous sommes d&rsquo;ailleurs nomin\u00e9s pour d&rsquo;autres projets, mais pour des raisons de confidentialit\u00e9, ces autres collaborations ne peuvent \u00eatre divulgu\u00e9es. ;) <\/span><\/p>\n<p><img decoding=\"async\" class=\"aligncenter wp-image-11134\" src=\"https:\/\/www.zfoam.com\/wp-content\/uploads\/2026\/01\/Banner-para-Articulo-Paris-Packaging-Week-2026.jpg\" alt=\"Paris Packaging Week 2026\" width=\"900\" height=\"600\" srcset=\"https:\/\/www.zfoam.com\/wp-content\/uploads\/2026\/01\/Banner-para-Articulo-Paris-Packaging-Week-2026-200x133.jpg 200w, https:\/\/www.zfoam.com\/wp-content\/uploads\/2026\/01\/Banner-para-Articulo-Paris-Packaging-Week-2026-300x200.jpg 300w, https:\/\/www.zfoam.com\/wp-content\/uploads\/2026\/01\/Banner-para-Articulo-Paris-Packaging-Week-2026-400x267.jpg 400w, https:\/\/www.zfoam.com\/wp-content\/uploads\/2026\/01\/Banner-para-Articulo-Paris-Packaging-Week-2026-600x400.jpg 600w, https:\/\/www.zfoam.com\/wp-content\/uploads\/2026\/01\/Banner-para-Articulo-Paris-Packaging-Week-2026-768x512.jpg 768w, https:\/\/www.zfoam.com\/wp-content\/uploads\/2026\/01\/Banner-para-Articulo-Paris-Packaging-Week-2026-800x533.jpg 800w, https:\/\/www.zfoam.com\/wp-content\/uploads\/2026\/01\/Banner-para-Articulo-Paris-Packaging-Week-2026-1024x683.jpg 1024w, https:\/\/www.zfoam.com\/wp-content\/uploads\/2026\/01\/Banner-para-Articulo-Paris-Packaging-Week-2026.jpg 1200w\" sizes=\"(max-width: 900px) 100vw, 900px\" \/><\/p>\n<p>&nbsp;<\/p>\n<h2><b>La valeur de bien faire les choses<\/b><\/h2>\n<p><span style=\"font-weight: 400;\">Chez ZFoam, nous ne nous contentons pas de fabriquer des mousses ; nous cr\u00e9ons des exp\u00e9riences qui prot\u00e8gent, \u00e9meuvent et communiquent. Imaginez un int\u00e9rieur sur mesure qui enveloppe votre produit comme un costume fait sur mesure par un tailleur.  <\/span><strong><a href=\"https:\/\/www.zfoam.com\/fr\/mousses-ecologiques\/\">Nos mousses ECO<\/a><\/strong><span style=\"font-weight: 400;\">, <\/span>BIO <span style=\"font-weight: 400;\">et cellulosiques telles que <\/span>Papira\u00ae<span style=\"font-weight: 400;\"> vous permettent de respecter la r\u00e9glementation europ\u00e9enne (y compris la PPWR) sans renoncer \u00e0 l&rsquo;esth\u00e9tique ni \u00e0 l&rsquo;exp\u00e9rience. Et si vous souhaitez vous d\u00e9marquer, nous mettons \u00e0 votre disposition des finitions haut de gamme (gravure, laminage, cache cale, impression num\u00e9rique) qui rendent chaque d\u00e9ballage m\u00e9morable. <\/span><\/p>\n<p><span style=\"font-weight: 400;\">Cependant, notre offre va au-del\u00e0 du mat\u00e9riau.<\/span> <b>Nous sommes conscients que les sp\u00e9cifications d&#8217;emballage peuvent \u00eatre complexes ; c&rsquo;est pourquoi nous vous aidons \u00e0 les documenter,<\/b><span style=\"font-weight: 400;\"> les<\/span> <b>standardiser et les optimiser<\/b><span style=\"font-weight: 400;\">. Nous abordons \u00e9galement la <\/span><b>tra\u00e7abilit\u00e9<\/b><span style=\"font-weight: 400;\"> et<\/span> <b>l&#8217;emballage connect\u00e9<\/b><span style=\"font-weight: 400;\">: car aujourd&rsquo;hui, un emballage peut raconter une histoire, certifier son authenticit\u00e9 ou collecter des donn\u00e9es utiles pour votre entreprise. En r\u00e9sum\u00e9, nous vous offrons la tranquillit\u00e9 d&rsquo;esprit de savoir que chaque d\u00e9tail est sous contr\u00f4le. <\/span><\/p>\n<p>&nbsp;<\/p>\n<h2><b>Pourquoi la Paris Packaging Week<\/b><\/h2>\n<p><span style=\"font-weight: 400;\">Cette ann\u00e9e, la Paris Packaging Week se pr\u00e9sente comme une vitrine de nouvelles id\u00e9es. Pendant deux jours, des conf\u00e9rences et des espaces sp\u00e9ciaux abordent des th\u00e8mes tels que l&rsquo;\u00e9conomie circulaire, le refill\/reuse et la num\u00e9risation.  <\/span><\/p>\n<p><b>Innovation Awards party<\/b><span style=\"font-weight: 400;\"> est \u00e9galement organis\u00e9e<\/span><span style=\"font-weight: 400;\">, o\u00f9 sont pr\u00e9sent\u00e9es les innovations les plus surprenantes du secteur. Cependant, au-del\u00e0 des conf\u00e9rences, l&rsquo;essentiel du salon r\u00e9side dans le contact direct avec des professionnels qui, comme vous, recherchent l&rsquo;inspiration et des solutions. <\/span><\/p>\n<p>&nbsp;<\/p>\n<h2><b>Venez nous rencontrer au stand A92<\/b><\/h2>\n<p><span style=\"font-weight: 400;\">Nous savons que le temps pass\u00e9 au salon est pr\u00e9cieux. C&rsquo;est pourquoi nous vous invitons \u00e0 passer par notre  <\/span><b>stand A92<\/b><span style=\"font-weight: 400;\"> pour discuter de vos d\u00e9fis en mati\u00e8re d&#8217;emballage, d\u00e9couvrir nos projets finalistes aux prix du design et toucher de vos propres mains la gamme de mat\u00e9riaux \u00e9cologiques que nous pr\u00e9senterons.<\/span> <\/p>\n<p><span style=\"font-weight: 400;\">Nous serons disponibles le<\/span> <b>5 f\u00e9vrier (09h00-19h30)<\/b> <span style=\"font-weight: 400;\">et<\/span> <b>le 6 f\u00e9vrier (09h00-17h00)<\/b><span style=\"font-weight: 400;\">. Si vous pr\u00e9f\u00e9rez un rendez-vous plus calme, veuillez nous \u00e9crire pour convenir d&rsquo;une rencontre. <\/span><\/p>\n<p><b>Nous serions ravis de participer \u00e0 votre prochain projet !<\/b><\/p>\n<p>&nbsp;<\/p>\n<h2><b>Bouclez la boucle avec nous<\/b><\/h2>\n<p><span style=\"font-weight: 400;\">\u00c0 la <strong><a href=\"https:\/\/www.parispackagingweek.com\/en\/\">Paris Packaging Week 2026<\/a><\/strong>, nous apportons<\/span> <b>\u00e9volution et continuit\u00e9<\/b><span style=\"font-weight: 400;\">: nous renfor\u00e7ons notre engagement en faveur de la durabilit\u00e9, de la qualit\u00e9 et de l&rsquo;innovation appliqu\u00e9e. Nous pensons que les tendances n&rsquo;ont de valeur que lorsqu&rsquo;elles se transforment en solutions utiles pour votre marque. C&rsquo;est pourquoi nos mousses et nos finitions sont constamment renouvel\u00e9es pour r\u00e9pondre aux d\u00e9fis du secteur. Souhaitez-vous d\u00e9couvrir comment ?  <\/span><\/p>\n","protected":false},"excerpt":{"rendered":"<p>Un emballage doit allier exclusivit\u00e9 et durabilit\u00e9. C&rsquo;est le d\u00e9fi qui nous anime, et c&rsquo;est la raison pour laquelle nous retournons \u00e0 la Paris Packaging Week. Les 5 et 6 f\u00e9vrier, au Paris Expo Porte de Versailles \u2013 Pavillon 1, [&hellip;]<\/p>\n","protected":false},"author":3,"featured_media":11136,"comment_status":"open","ping_status":"open","sticky":false,"template":"","format":"standard","meta":{"footnotes":""},"categories":[102],"tags":[],"class_list":["post-11140","post","type-post","status-publish","format-standard","has-post-thumbnail","hentry","category-zfoam-fr"],"yoast_head":"<!-- This site is optimized with the Yoast SEO plugin v27.2 - https:\/\/yoast.com\/product\/yoast-seo-wordpress\/ -->\n<title>ZFoam \u00e0 la Paris Packaging Week 2026 - ZFoam<\/title>\n<meta name=\"description\" content=\"Nous avons un projet nomin\u00e9 pour les Packaging Premi\u00e8re Premium and Luxury Innovation Awards 2026, en collaboration avec notre client Majoral.\" \/>\n<meta name=\"robots\" content=\"index, follow, max-snippet:-1, max-image-preview:large, max-video-preview:-1\" \/>\n<link rel=\"canonical\" href=\"https:\/\/www.zfoam.com\/fr\/zfoam-a-la-paris-packaging-week-2026\/\" \/>\n<meta property=\"og:locale\" content=\"fr_FR\" \/>\n<meta property=\"og:type\" content=\"article\" \/>\n<meta property=\"og:title\" content=\"ZFoam \u00e0 la Paris Packaging Week 2026 - ZFoam\" \/>\n<meta property=\"og:description\" content=\"Nous avons un projet nomin\u00e9 pour les Packaging Premi\u00e8re Premium and Luxury Innovation Awards 2026, en collaboration avec notre client Majoral.\" \/>\n<meta property=\"og:url\" content=\"https:\/\/www.zfoam.com\/fr\/zfoam-a-la-paris-packaging-week-2026\/\" \/>\n<meta property=\"og:site_name\" content=\"ZFoam\" \/>\n<meta property=\"article:published_time\" content=\"2026-01-21T11:04:49+00:00\" \/>\n<meta property=\"article:modified_time\" content=\"2026-01-21T11:59:01+00:00\" \/>\n<meta property=\"og:image\" content=\"https:\/\/www.zfoam.com\/wp-content\/uploads\/2026\/01\/Banner-para-Articulo-Paris-Packaging-Week-2026.jpg\" \/>\n\t<meta property=\"og:image:width\" content=\"1200\" \/>\n\t<meta property=\"og:image:height\" content=\"800\" \/>\n\t<meta property=\"og:image:type\" content=\"image\/jpeg\" \/>\n<meta name=\"author\" content=\"Chema SdSEO\" \/>\n<meta name=\"twitter:card\" content=\"summary_large_image\" \/>\n<meta name=\"twitter:label1\" content=\"\u00c9crit par\" \/>\n\t<meta name=\"twitter:data1\" content=\"Chema SdSEO\" \/>\n\t<meta name=\"twitter:label2\" content=\"Dur\u00e9e de lecture estim\u00e9e\" \/>\n\t<meta name=\"twitter:data2\" content=\"4 minutes\" \/>\n<script type=\"application\/ld+json\" class=\"yoast-schema-graph\">{\"@context\":\"https:\/\/schema.org\",\"@graph\":[{\"@type\":\"Article\",\"@id\":\"https:\/\/www.zfoam.com\/fr\/zfoam-a-la-paris-packaging-week-2026\/#article\",\"isPartOf\":{\"@id\":\"https:\/\/www.zfoam.com\/fr\/zfoam-a-la-paris-packaging-week-2026\/\"},\"author\":{\"name\":\"Chema SdSEO\",\"@id\":\"https:\/\/www.zfoam.com\/#\/schema\/person\/83a834df7a884056f853b85a3f5652cc\"},\"headline\":\"ZFoam \u00e0 la Paris Packaging Week 2026\",\"datePublished\":\"2026-01-21T11:04:49+00:00\",\"dateModified\":\"2026-01-21T11:59:01+00:00\",\"mainEntityOfPage\":{\"@id\":\"https:\/\/www.zfoam.com\/fr\/zfoam-a-la-paris-packaging-week-2026\/\"},\"wordCount\":739,\"commentCount\":0,\"publisher\":{\"@id\":\"https:\/\/www.zfoam.com\/#organization\"},\"image\":{\"@id\":\"https:\/\/www.zfoam.com\/fr\/zfoam-a-la-paris-packaging-week-2026\/#primaryimage\"},\"thumbnailUrl\":\"https:\/\/www.zfoam.com\/wp-content\/uploads\/2026\/01\/Banner-para-Articulo-Paris-Packaging-Week-2026.jpg\",\"articleSection\":[\"ZFoam\"],\"inLanguage\":\"fr-FR\",\"potentialAction\":[{\"@type\":\"CommentAction\",\"name\":\"Comment\",\"target\":[\"https:\/\/www.zfoam.com\/fr\/zfoam-a-la-paris-packaging-week-2026\/#respond\"]}]},{\"@type\":\"WebPage\",\"@id\":\"https:\/\/www.zfoam.com\/fr\/zfoam-a-la-paris-packaging-week-2026\/\",\"url\":\"https:\/\/www.zfoam.com\/fr\/zfoam-a-la-paris-packaging-week-2026\/\",\"name\":\"ZFoam \u00e0 la Paris Packaging Week 2026 - ZFoam\",\"isPartOf\":{\"@id\":\"https:\/\/www.zfoam.com\/#website\"},\"primaryImageOfPage\":{\"@id\":\"https:\/\/www.zfoam.com\/fr\/zfoam-a-la-paris-packaging-week-2026\/#primaryimage\"},\"image\":{\"@id\":\"https:\/\/www.zfoam.com\/fr\/zfoam-a-la-paris-packaging-week-2026\/#primaryimage\"},\"thumbnailUrl\":\"https:\/\/www.zfoam.com\/wp-content\/uploads\/2026\/01\/Banner-para-Articulo-Paris-Packaging-Week-2026.jpg\",\"datePublished\":\"2026-01-21T11:04:49+00:00\",\"dateModified\":\"2026-01-21T11:59:01+00:00\",\"description\":\"Nous avons un projet nomin\u00e9 pour les Packaging Premi\u00e8re Premium and Luxury Innovation Awards 2026, en collaboration avec notre client Majoral.\",\"breadcrumb\":{\"@id\":\"https:\/\/www.zfoam.com\/fr\/zfoam-a-la-paris-packaging-week-2026\/#breadcrumb\"},\"inLanguage\":\"fr-FR\",\"potentialAction\":[{\"@type\":\"ReadAction\",\"target\":[\"https:\/\/www.zfoam.com\/fr\/zfoam-a-la-paris-packaging-week-2026\/\"]}]},{\"@type\":\"ImageObject\",\"inLanguage\":\"fr-FR\",\"@id\":\"https:\/\/www.zfoam.com\/fr\/zfoam-a-la-paris-packaging-week-2026\/#primaryimage\",\"url\":\"https:\/\/www.zfoam.com\/wp-content\/uploads\/2026\/01\/Banner-para-Articulo-Paris-Packaging-Week-2026.jpg\",\"contentUrl\":\"https:\/\/www.zfoam.com\/wp-content\/uploads\/2026\/01\/Banner-para-Articulo-Paris-Packaging-Week-2026.jpg\",\"width\":1200,\"height\":800,\"caption\":\"Paris Packaging Week 2026\"},{\"@type\":\"BreadcrumbList\",\"@id\":\"https:\/\/www.zfoam.com\/fr\/zfoam-a-la-paris-packaging-week-2026\/#breadcrumb\",\"itemListElement\":[{\"@type\":\"ListItem\",\"position\":1,\"name\":\"Portada\",\"item\":\"https:\/\/www.zfoam.com\/fr\/\"},{\"@type\":\"ListItem\",\"position\":2,\"name\":\"ZFoam \u00e0 la Paris Packaging Week 2026\"}]},{\"@type\":\"WebSite\",\"@id\":\"https:\/\/www.zfoam.com\/#website\",\"url\":\"https:\/\/www.zfoam.com\/\",\"name\":\"ZFoam\",\"description\":\"Fabricante de espumas\",\"publisher\":{\"@id\":\"https:\/\/www.zfoam.com\/#organization\"},\"potentialAction\":[{\"@type\":\"SearchAction\",\"target\":{\"@type\":\"EntryPoint\",\"urlTemplate\":\"https:\/\/www.zfoam.com\/?s={search_term_string}\"},\"query-input\":{\"@type\":\"PropertyValueSpecification\",\"valueRequired\":true,\"valueName\":\"search_term_string\"}}],\"inLanguage\":\"fr-FR\"},{\"@type\":\"Organization\",\"@id\":\"https:\/\/www.zfoam.com\/#organization\",\"name\":\"ZFoam\",\"url\":\"https:\/\/www.zfoam.com\/\",\"logo\":{\"@type\":\"ImageObject\",\"inLanguage\":\"fr-FR\",\"@id\":\"https:\/\/www.zfoam.com\/#\/schema\/logo\/image\/\",\"url\":\"https:\/\/www.zfoam.com\/wp-content\/uploads\/2017\/05\/logo_zfoam_25.png\",\"contentUrl\":\"https:\/\/www.zfoam.com\/wp-content\/uploads\/2017\/05\/logo_zfoam_25.png\",\"width\":220,\"height\":51,\"caption\":\"ZFoam\"},\"image\":{\"@id\":\"https:\/\/www.zfoam.com\/#\/schema\/logo\/image\/\"}},{\"@type\":\"Person\",\"@id\":\"https:\/\/www.zfoam.com\/#\/schema\/person\/83a834df7a884056f853b85a3f5652cc\",\"name\":\"Chema SdSEO\",\"image\":{\"@type\":\"ImageObject\",\"inLanguage\":\"fr-FR\",\"@id\":\"https:\/\/secure.gravatar.com\/avatar\/0d1b5f2304c96b59ec33eb97f90d8ec56802c5d68ffea79a1139a51da4e77081?s=96&d=mm&r=g\",\"url\":\"https:\/\/secure.gravatar.com\/avatar\/0d1b5f2304c96b59ec33eb97f90d8ec56802c5d68ffea79a1139a51da4e77081?s=96&d=mm&r=g\",\"contentUrl\":\"https:\/\/secure.gravatar.com\/avatar\/0d1b5f2304c96b59ec33eb97f90d8ec56802c5d68ffea79a1139a51da4e77081?s=96&d=mm&r=g\",\"caption\":\"Chema SdSEO\"}}]}<\/script>\n<!-- \/ Yoast SEO plugin. -->","yoast_head_json":{"title":"ZFoam \u00e0 la Paris Packaging Week 2026 - ZFoam","description":"Nous avons un projet nomin\u00e9 pour les Packaging Premi\u00e8re Premium and Luxury Innovation Awards 2026, en collaboration avec notre client Majoral.","robots":{"index":"index","follow":"follow","max-snippet":"max-snippet:-1","max-image-preview":"max-image-preview:large","max-video-preview":"max-video-preview:-1"},"canonical":"https:\/\/www.zfoam.com\/fr\/zfoam-a-la-paris-packaging-week-2026\/","og_locale":"fr_FR","og_type":"article","og_title":"ZFoam \u00e0 la Paris Packaging Week 2026 - ZFoam","og_description":"Nous avons un projet nomin\u00e9 pour les Packaging Premi\u00e8re Premium and Luxury Innovation Awards 2026, en collaboration avec notre client Majoral.","og_url":"https:\/\/www.zfoam.com\/fr\/zfoam-a-la-paris-packaging-week-2026\/","og_site_name":"ZFoam","article_published_time":"2026-01-21T11:04:49+00:00","article_modified_time":"2026-01-21T11:59:01+00:00","og_image":[{"width":1200,"height":800,"url":"https:\/\/www.zfoam.com\/wp-content\/uploads\/2026\/01\/Banner-para-Articulo-Paris-Packaging-Week-2026.jpg","type":"image\/jpeg"}],"author":"Chema SdSEO","twitter_card":"summary_large_image","twitter_misc":{"\u00c9crit par":"Chema SdSEO","Dur\u00e9e de lecture estim\u00e9e":"4 minutes"},"schema":{"@context":"https:\/\/schema.org","@graph":[{"@type":"Article","@id":"https:\/\/www.zfoam.com\/fr\/zfoam-a-la-paris-packaging-week-2026\/#article","isPartOf":{"@id":"https:\/\/www.zfoam.com\/fr\/zfoam-a-la-paris-packaging-week-2026\/"},"author":{"name":"Chema SdSEO","@id":"https:\/\/www.zfoam.com\/#\/schema\/person\/83a834df7a884056f853b85a3f5652cc"},"headline":"ZFoam \u00e0 la Paris Packaging Week 2026","datePublished":"2026-01-21T11:04:49+00:00","dateModified":"2026-01-21T11:59:01+00:00","mainEntityOfPage":{"@id":"https:\/\/www.zfoam.com\/fr\/zfoam-a-la-paris-packaging-week-2026\/"},"wordCount":739,"commentCount":0,"publisher":{"@id":"https:\/\/www.zfoam.com\/#organization"},"image":{"@id":"https:\/\/www.zfoam.com\/fr\/zfoam-a-la-paris-packaging-week-2026\/#primaryimage"},"thumbnailUrl":"https:\/\/www.zfoam.com\/wp-content\/uploads\/2026\/01\/Banner-para-Articulo-Paris-Packaging-Week-2026.jpg","articleSection":["ZFoam"],"inLanguage":"fr-FR","potentialAction":[{"@type":"CommentAction","name":"Comment","target":["https:\/\/www.zfoam.com\/fr\/zfoam-a-la-paris-packaging-week-2026\/#respond"]}]},{"@type":"WebPage","@id":"https:\/\/www.zfoam.com\/fr\/zfoam-a-la-paris-packaging-week-2026\/","url":"https:\/\/www.zfoam.com\/fr\/zfoam-a-la-paris-packaging-week-2026\/","name":"ZFoam \u00e0 la Paris Packaging Week 2026 - ZFoam","isPartOf":{"@id":"https:\/\/www.zfoam.com\/#website"},"primaryImageOfPage":{"@id":"https:\/\/www.zfoam.com\/fr\/zfoam-a-la-paris-packaging-week-2026\/#primaryimage"},"image":{"@id":"https:\/\/www.zfoam.com\/fr\/zfoam-a-la-paris-packaging-week-2026\/#primaryimage"},"thumbnailUrl":"https:\/\/www.zfoam.com\/wp-content\/uploads\/2026\/01\/Banner-para-Articulo-Paris-Packaging-Week-2026.jpg","datePublished":"2026-01-21T11:04:49+00:00","dateModified":"2026-01-21T11:59:01+00:00","description":"Nous avons un projet nomin\u00e9 pour les Packaging Premi\u00e8re Premium and Luxury Innovation Awards 2026, en collaboration avec notre client Majoral.","breadcrumb":{"@id":"https:\/\/www.zfoam.com\/fr\/zfoam-a-la-paris-packaging-week-2026\/#breadcrumb"},"inLanguage":"fr-FR","potentialAction":[{"@type":"ReadAction","target":["https:\/\/www.zfoam.com\/fr\/zfoam-a-la-paris-packaging-week-2026\/"]}]},{"@type":"ImageObject","inLanguage":"fr-FR","@id":"https:\/\/www.zfoam.com\/fr\/zfoam-a-la-paris-packaging-week-2026\/#primaryimage","url":"https:\/\/www.zfoam.com\/wp-content\/uploads\/2026\/01\/Banner-para-Articulo-Paris-Packaging-Week-2026.jpg","contentUrl":"https:\/\/www.zfoam.com\/wp-content\/uploads\/2026\/01\/Banner-para-Articulo-Paris-Packaging-Week-2026.jpg","width":1200,"height":800,"caption":"Paris Packaging Week 2026"},{"@type":"BreadcrumbList","@id":"https:\/\/www.zfoam.com\/fr\/zfoam-a-la-paris-packaging-week-2026\/#breadcrumb","itemListElement":[{"@type":"ListItem","position":1,"name":"Portada","item":"https:\/\/www.zfoam.com\/fr\/"},{"@type":"ListItem","position":2,"name":"ZFoam \u00e0 la Paris Packaging Week 2026"}]},{"@type":"WebSite","@id":"https:\/\/www.zfoam.com\/#website","url":"https:\/\/www.zfoam.com\/","name":"ZFoam","description":"Fabricante de espumas","publisher":{"@id":"https:\/\/www.zfoam.com\/#organization"},"potentialAction":[{"@type":"SearchAction","target":{"@type":"EntryPoint","urlTemplate":"https:\/\/www.zfoam.com\/?s={search_term_string}"},"query-input":{"@type":"PropertyValueSpecification","valueRequired":true,"valueName":"search_term_string"}}],"inLanguage":"fr-FR"},{"@type":"Organization","@id":"https:\/\/www.zfoam.com\/#organization","name":"ZFoam","url":"https:\/\/www.zfoam.com\/","logo":{"@type":"ImageObject","inLanguage":"fr-FR","@id":"https:\/\/www.zfoam.com\/#\/schema\/logo\/image\/","url":"https:\/\/www.zfoam.com\/wp-content\/uploads\/2017\/05\/logo_zfoam_25.png","contentUrl":"https:\/\/www.zfoam.com\/wp-content\/uploads\/2017\/05\/logo_zfoam_25.png","width":220,"height":51,"caption":"ZFoam"},"image":{"@id":"https:\/\/www.zfoam.com\/#\/schema\/logo\/image\/"}},{"@type":"Person","@id":"https:\/\/www.zfoam.com\/#\/schema\/person\/83a834df7a884056f853b85a3f5652cc","name":"Chema SdSEO","image":{"@type":"ImageObject","inLanguage":"fr-FR","@id":"https:\/\/secure.gravatar.com\/avatar\/0d1b5f2304c96b59ec33eb97f90d8ec56802c5d68ffea79a1139a51da4e77081?s=96&d=mm&r=g","url":"https:\/\/secure.gravatar.com\/avatar\/0d1b5f2304c96b59ec33eb97f90d8ec56802c5d68ffea79a1139a51da4e77081?s=96&d=mm&r=g","contentUrl":"https:\/\/secure.gravatar.com\/avatar\/0d1b5f2304c96b59ec33eb97f90d8ec56802c5d68ffea79a1139a51da4e77081?s=96&d=mm&r=g","caption":"Chema SdSEO"}}]}},"_links":{"self":[{"href":"https:\/\/www.zfoam.com\/fr\/wp-json\/wp\/v2\/posts\/11140","targetHints":{"allow":["GET"]}}],"collection":[{"href":"https:\/\/www.zfoam.com\/fr\/wp-json\/wp\/v2\/posts"}],"about":[{"href":"https:\/\/www.zfoam.com\/fr\/wp-json\/wp\/v2\/types\/post"}],"author":[{"embeddable":true,"href":"https:\/\/www.zfoam.com\/fr\/wp-json\/wp\/v2\/users\/3"}],"replies":[{"embeddable":true,"href":"https:\/\/www.zfoam.com\/fr\/wp-json\/wp\/v2\/comments?post=11140"}],"version-history":[{"count":1,"href":"https:\/\/www.zfoam.com\/fr\/wp-json\/wp\/v2\/posts\/11140\/revisions"}],"predecessor-version":[{"id":11141,"href":"https:\/\/www.zfoam.com\/fr\/wp-json\/wp\/v2\/posts\/11140\/revisions\/11141"}],"wp:featuredmedia":[{"embeddable":true,"href":"https:\/\/www.zfoam.com\/fr\/wp-json\/wp\/v2\/media\/11136"}],"wp:attachment":[{"href":"https:\/\/www.zfoam.com\/fr\/wp-json\/wp\/v2\/media?parent=11140"}],"wp:term":[{"taxonomy":"category","embeddable":true,"href":"https:\/\/www.zfoam.com\/fr\/wp-json\/wp\/v2\/categories?post=11140"},{"taxonomy":"post_tag","embeddable":true,"href":"https:\/\/www.zfoam.com\/fr\/wp-json\/wp\/v2\/tags?post=11140"}],"curies":[{"name":"wp","href":"https:\/\/api.w.org\/{rel}","templated":true}]}}